{"id":3660,"date":"2025-03-20T08:00:55","date_gmt":"2025-03-20T06:00:55","guid":{"rendered":"https:\/\/koton.de\/de\/?p=3660"},"modified":"2025-03-12T13:59:59","modified_gmt":"2025-03-12T11:59:59","slug":"neu-buero-und-konferenzstuhl-mynt-von-vitra","status":"publish","type":"post","link":"https:\/\/koton.de\/de\/neu-buero-und-konferenzstuhl-mynt-von-vitra\/","title":{"rendered":"NEU: B\u00dcRO- UND KONFERENZSTUHL MYNT VON VITRA"},"content":{"rendered":"<p>Mit dem neuen B\u00fcro- und Konferenzstuhl Mynt von Erwan Bouroullec bringt Vitra eine neue Art des Sitzens in private und \u00f6ffentliche R\u00e4ume. Durch die patentierte Mechanik von Vitra, die durch das menschliche Gewicht aktiviert wird, passt sich die Gewichtsverlagerung der Sitzfl\u00e4che automatisch an den Nutzer an - lediglich die H\u00f6he muss manuell angepasst werden. Die Sitz- und R\u00fcckenlehne des Mynt von Vitra sind in Furnierholz oder in recyceltem Polyamid erh\u00e4ltlich und k\u00f6nnen unabh\u00e4ngig vom Material ausgetauscht werden. Das Viersternuntergestell des B\u00fcro- und Konferenzstuhls kann zwischen problemlos zwischen Gleitern und Rollen gewechselt werden. Die Sitz- und R\u00fcckenlehnen des Mynt von Vitra k\u00f6nnen zudem mit gepolsterten Bez\u00fcgen ausgestattet werden, die via Rei\u00dfverschluss abgenommen bzw. ausgetauscht werden k\u00f6nnen.<\/p>\n<p>Der B\u00fcro- und Konferenzstuhl Mynt von Erwan Bouroullec f\u00fcr Vitra ist ab sofort bei KOTON Design in M\u00fcnchen erh\u00e4ltlich!<\/p>\n<p class=\"p1\">\n","protected":false},"excerpt":{"rendered":"<p>Mit dem neuen B\u00fcro- und Konferenzstuhl Mynt von Erwan Bouroullec bringt Vitra eine neue Art des Sitzens in private und \u00f6ffentliche R\u00e4ume. Durch die patentierte Mechanik von Vitra, die durch das menschliche Gewicht aktiviert wird, passt sich die Gewichtsverlagerung der Sitzfl\u00e4che automatisch an den Nutzer an &#8211; lediglich die H\u00f6he muss manuell angepasst werden. Die [&hellip;]<\/p>\n","protected":false},"author":1,"featured_media":0,"comment_status":"closed","ping_status":"closed","sticky":false,"template":"","format":"standard","meta":{"_exactmetrics_skip_tracking":false,"_exactmetrics_sitenote_active":false,"_exactmetrics_sitenote_note":"","_exactmetrics_sitenote_category":0,"footnotes":""},"categories":[38,1,7],"tags":[244,53,124,434,708,283,431,710,49,714,51,52,707,468,711,713,712,460,709,43],"class_list":["post-3660","post","type-post","status-publish","format-standard","hentry","category-1-vitra","category-allgemein","category-news","tag-buerostuhl","tag-design","tag-designklassiker","tag-drehstuhl","tag-erwan-bouroullec","tag-george-nelson","tag-home-office","tag-konzerenzstuhl","tag-koton","tag-modern-design","tag-muenchen","tag-munich","tag-mynt","tag-neuheit","tag-office-chair","tag-polyamid","tag-post-industrial","tag-re","tag-recycelt","tag-vitra-4"],"_links":{"self":[{"href":"https:\/\/koton.de\/de\/wp-json\/wp\/v2\/posts\/3660","targetHints":{"allow":["GET"]}}],"collection":[{"href":"https:\/\/koton.de\/de\/wp-json\/wp\/v2\/posts"}],"about":[{"href":"https:\/\/koton.de\/de\/wp-json\/wp\/v2\/types\/post"}],"author":[{"embeddable":true,"href":"https:\/\/koton.de\/de\/wp-json\/wp\/v2\/users\/1"}],"replies":[{"embeddable":true,"href":"https:\/\/koton.de\/de\/wp-json\/wp\/v2\/comments?post=3660"}],"version-history":[{"count":3,"href":"https:\/\/koton.de\/de\/wp-json\/wp\/v2\/posts\/3660\/revisions"}],"predecessor-version":[{"id":3665,"href":"https:\/\/koton.de\/de\/wp-json\/wp\/v2\/posts\/3660\/revisions\/3665"}],"wp:attachment":[{"href":"https:\/\/koton.de\/de\/wp-json\/wp\/v2\/media?parent=3660"}],"wp:term":[{"taxonomy":"category","embeddable":true,"href":"https:\/\/koton.de\/de\/wp-json\/wp\/v2\/categories?post=3660"},{"taxonomy":"post_tag","embeddable":true,"href":"https:\/\/koton.de\/de\/wp-json\/wp\/v2\/tags?post=3660"}],"curies":[{"name":"wp","href":"https:\/\/api.w.org\/{rel}","templated":true}]}}