{"id":2816,"date":"2025-01-14T10:25:08","date_gmt":"2025-01-14T08:25:08","guid":{"rendered":"https:\/\/koton.de\/de\/?p=2816"},"modified":"2025-01-14T12:48:40","modified_gmt":"2025-01-14T10:48:40","slug":"neu-pendelleuchte-vl45-radiohus","status":"publish","type":"post","link":"https:\/\/koton.de\/de\/neu-pendelleuchte-vl45-radiohus\/","title":{"rendered":"NEUE FARBEN: VL45 RADIOHUS VON LOUIS POULSEN"},"content":{"rendered":"<p>Urspr\u00fcnglich in den 1940er Jahren vom Architekten Vilhelm Lauritzen f\u00fcr das d\u00e4nische Rundfunkgeb\u00e4ude \u201eRadiohus\u201c in Kopenhagen entworfen, wurde die Pendelleuchte VL45 Radiohus 2016 von Louis Poulsen in einer \u00fcberarbeiteten Ausf\u00fchrung neu aufgelegt. Das Original-Design der H\u00e4ngelampe blieb dabei unver\u00e4ndert: eine Messing-Aufh\u00e4ngung sowie ein Schirm aus dreischichtigem, mundgeblasenem Glas, der sich aus transparentem, gl\u00e4nzenden sowie wei\u00dfem Glas zusammensetzt. Die beiden urspr\u00fcnglichen Gr\u00f6\u00dfen der VL45 Radiohus von Louis Poulsen wurden drei Jahre sp\u00e4ter zudem durch eine kleinere Variante erweitert. Nachdem der Designklassiker 2023 in der limiterten Pale-Rose-Kollektion mit rosafarbenem Opalglas neu interpretiert wurde, erweitert Louis Poulsen die Linie nun um die Farben Glossy Amber und Glossy Pale Yellow.<\/p>\n<p>Die Pendellampe VL45 Radiohus von Vilhelm Lauritzen f\u00fcr Louis Poulsen ist ab sofort in verschiedenen Gr\u00f6\u00dfen und Farben bei KOTON Design in M\u00fcnchen erh\u00e4ltlich.<\/p>\n<p>&nbsp;<\/p>\n<p>&nbsp;<\/p>\n","protected":false},"excerpt":{"rendered":"<p>Urspr\u00fcnglich in den 1940er Jahren vom Architekten Vilhelm Lauritzen f\u00fcr das d\u00e4nische Rundfunkgeb\u00e4ude \u201eRadiohus\u201c in Kopenhagen entworfen, wurde die Pendelleuchte VL45 Radiohus 2016 von Louis Poulsen in einer \u00fcberarbeiteten Ausf\u00fchrung neu aufgelegt. Das Original-Design der H\u00e4ngelampe blieb dabei unver\u00e4ndert: eine Messing-Aufh\u00e4ngung sowie ein Schirm aus dreischichtigem, mundgeblasenem Glas, der sich aus transparentem, gl\u00e4nzenden sowie wei\u00dfem [&hellip;]<\/p>\n","protected":false},"author":1,"featured_media":0,"comment_status":"closed","ping_status":"closed","sticky":false,"template":"","format":"standard","meta":{"_exactmetrics_skip_tracking":false,"_exactmetrics_sitenote_active":false,"_exactmetrics_sitenote_note":"","_exactmetrics_sitenote_category":0,"footnotes":""},"categories":[1,81,31],"tags":[695,108,53,196,158,124,122,697,129,96,49,118,51,696,562,694,99,240,259,440],"class_list":["post-2816","post","type-post","status-publish","format-standard","hentry","category-allgemein","category-louis-poulsen","category-news2","tag-amber","tag-danish-design","tag-design","tag-designerlampe","tag-designermoebel","tag-designklassiker","tag-designlampe","tag-glas","tag-haengelampe","tag-haengeleuchte","tag-koton","tag-louis-poulsen","tag-muenchen","tag-opal","tag-pale-rose","tag-pale-yellow","tag-pendellampe","tag-pendelleuchte","tag-vilhelm-lauritzen","tag-vl45-radiohus"],"_links":{"self":[{"href":"https:\/\/koton.de\/de\/wp-json\/wp\/v2\/posts\/2816","targetHints":{"allow":["GET"]}}],"collection":[{"href":"https:\/\/koton.de\/de\/wp-json\/wp\/v2\/posts"}],"about":[{"href":"https:\/\/koton.de\/de\/wp-json\/wp\/v2\/types\/post"}],"author":[{"embeddable":true,"href":"https:\/\/koton.de\/de\/wp-json\/wp\/v2\/users\/1"}],"replies":[{"embeddable":true,"href":"https:\/\/koton.de\/de\/wp-json\/wp\/v2\/comments?post=2816"}],"version-history":[{"count":4,"href":"https:\/\/koton.de\/de\/wp-json\/wp\/v2\/posts\/2816\/revisions"}],"predecessor-version":[{"id":3602,"href":"https:\/\/koton.de\/de\/wp-json\/wp\/v2\/posts\/2816\/revisions\/3602"}],"wp:attachment":[{"href":"https:\/\/koton.de\/de\/wp-json\/wp\/v2\/media?parent=2816"}],"wp:term":[{"taxonomy":"category","embeddable":true,"href":"https:\/\/koton.de\/de\/wp-json\/wp\/v2\/categories?post=2816"},{"taxonomy":"post_tag","embeddable":true,"href":"https:\/\/koton.de\/de\/wp-json\/wp\/v2\/tags?post=2816"}],"curies":[{"name":"wp","href":"https:\/\/api.w.org\/{rel}","templated":true}]}}